{"id":381,"date":"2018-05-03T06:46:50","date_gmt":"2018-05-03T06:46:50","guid":{"rendered":"http:\/\/werbegemeinschaft-schnaittach.de\/?p=381"},"modified":"2018-05-03T06:46:50","modified_gmt":"2018-05-03T06:46:50","slug":"programm-autofruehling-6-5-2018-in-schnaittach","status":"publish","type":"post","link":"https:\/\/werbegemeinschaft-schnaittach.de\/?p=381","title":{"rendered":"Programm Autofr\u00fchling 6.5.2018 in Schnaittach"},"content":{"rendered":"<p>Die Werbegemeinschaft Schnaittach e.V. l\u00e4dt ein zum diesj\u00e4hrigen Autofr\u00fchling.<\/p>\n<p>Das diesj\u00e4hrige Progamm finden Sie beigef\u00fcgt.<\/p>\n<p><a href=\"https:\/\/werbegemeinschaft-schnaittach.de\/wp-content\/uploads\/2018\/05\/Autofr\u00fchling-Programm_2018.pdf\">Autofr\u00fchling &#8211; Programm_2018<\/a><\/p>\n","protected":false},"excerpt":{"rendered":"<p>Die Werbegemeinschaft Schnaittach e.V. l\u00e4dt ein zum diesj\u00e4hrigen Autofr\u00fchling. Das diesj\u00e4hrige Progamm finden Sie beigef\u00fcgt. Autofr\u00fchling &#8211; Programm_2018<\/p>\n","protected":false},"author":1,"featured_media":0,"comment_status":"open","ping_status":"open","sticky":false,"template":"","format":"standard","meta":{"ngg_post_thumbnail":0},"categories":[1],"tags":[],"_links":{"self":[{"href":"https:\/\/werbegemeinschaft-schnaittach.de\/index.php?rest_route=\/wp\/v2\/posts\/381"}],"collection":[{"href":"https:\/\/werbegemeinschaft-schnaittach.de\/index.php?rest_route=\/wp\/v2\/posts"}],"about":[{"href":"https:\/\/werbegemeinschaft-schnaittach.de\/index.php?rest_route=\/wp\/v2\/types\/post"}],"author":[{"embeddable":true,"href":"https:\/\/werbegemeinschaft-schnaittach.de\/index.php?rest_route=\/wp\/v2\/users\/1"}],"replies":[{"embeddable":true,"href":"https:\/\/werbegemeinschaft-schnaittach.de\/index.php?rest_route=%2Fwp%2Fv2%2Fcomments&post=381"}],"version-history":[{"count":1,"href":"https:\/\/werbegemeinschaft-schnaittach.de\/index.php?rest_route=\/wp\/v2\/posts\/381\/revisions"}],"predecessor-version":[{"id":382,"href":"https:\/\/werbegemeinschaft-schnaittach.de\/index.php?rest_route=\/wp\/v2\/posts\/381\/revisions\/382"}],"wp:attachment":[{"href":"https:\/\/werbegemeinschaft-schnaittach.de\/index.php?rest_route=%2Fwp%2Fv2%2Fmedia&parent=381"}],"wp:term":[{"taxonomy":"category","embeddable":true,"href":"https:\/\/werbegemeinschaft-schnaittach.de\/index.php?rest_route=%2Fwp%2Fv2%2Fcategories&post=381"},{"taxonomy":"post_tag","embeddable":true,"href":"https:\/\/werbegemeinschaft-schnaittach.de\/index.php?rest_route=%2Fwp%2Fv2%2Ftags&post=381"}],"curies":[{"name":"wp","href":"https:\/\/api.w.org\/{rel}","templated":true}]}}