{"id":385,"date":"2018-05-03T09:28:01","date_gmt":"2018-05-03T09:28:01","guid":{"rendered":"http:\/\/werbegemeinschaft-schnaittach.de\/?p=385"},"modified":"2018-05-03T09:28:01","modified_gmt":"2018-05-03T09:28:01","slug":"ausstellerliste-und-stellplatzplan-autofruehling-2018","status":"publish","type":"post","link":"https:\/\/werbegemeinschaft-schnaittach.de\/?p=385","title":{"rendered":"Ausstellerliste und Stellplatzplan Autofr\u00fchling 2018"},"content":{"rendered":"<p>Sehr geehrte Ausstellerinnen und Aussteller,<\/p>\n<p>anbei der Stellplatzplan sowie die Ausstellerliste.<\/p>\n<p>F\u00fcr R\u00fcckfragen k\u00f6nnen Sie Herrn Reinhard Bendrin unter\u00a0<strong>0173-3976855 <\/strong>erreichen.<\/p>\n<p><a href=\"https:\/\/werbegemeinschaft-schnaittach.de\/wp-content\/uploads\/2018\/05\/Standpl\u00e4tze_Autofr\u00fchling_2018_03052018.pdf\">Standpl\u00e4tze_Autofr\u00fchling_2018_03052018<\/a><\/p>\n<p><a href=\"https:\/\/werbegemeinschaft-schnaittach.de\/wp-content\/uploads\/2018\/05\/Ausstellerliste_Autofr\u00fchling2018_03052018.pdf\">Ausstellerliste_Autofr\u00fchling2018_03052018<\/a><\/p>\n","protected":false},"excerpt":{"rendered":"<p>Sehr geehrte Ausstellerinnen und Aussteller, anbei der Stellplatzplan sowie die Ausstellerliste. F\u00fcr R\u00fcckfragen k\u00f6nnen Sie Herrn Reinhard Bendrin unter\u00a00173-3976855 erreichen. Standpl\u00e4tze_Autofr\u00fchling_2018_03052018 Ausstellerliste_Autofr\u00fchling2018_03052018<\/p>\n","protected":false},"author":1,"featured_media":0,"comment_status":"open","ping_status":"open","sticky":false,"template":"","format":"standard","meta":{"ngg_post_thumbnail":0},"categories":[3,4],"tags":[],"_links":{"self":[{"href":"https:\/\/werbegemeinschaft-schnaittach.de\/index.php?rest_route=\/wp\/v2\/posts\/385"}],"collection":[{"href":"https:\/\/werbegemeinschaft-schnaittach.de\/index.php?rest_route=\/wp\/v2\/posts"}],"about":[{"href":"https:\/\/werbegemeinschaft-schnaittach.de\/index.php?rest_route=\/wp\/v2\/types\/post"}],"author":[{"embeddable":true,"href":"https:\/\/werbegemeinschaft-schnaittach.de\/index.php?rest_route=\/wp\/v2\/users\/1"}],"replies":[{"embeddable":true,"href":"https:\/\/werbegemeinschaft-schnaittach.de\/index.php?rest_route=%2Fwp%2Fv2%2Fcomments&post=385"}],"version-history":[{"count":1,"href":"https:\/\/werbegemeinschaft-schnaittach.de\/index.php?rest_route=\/wp\/v2\/posts\/385\/revisions"}],"predecessor-version":[{"id":386,"href":"https:\/\/werbegemeinschaft-schnaittach.de\/index.php?rest_route=\/wp\/v2\/posts\/385\/revisions\/386"}],"wp:attachment":[{"href":"https:\/\/werbegemeinschaft-schnaittach.de\/index.php?rest_route=%2Fwp%2Fv2%2Fmedia&parent=385"}],"wp:term":[{"taxonomy":"category","embeddable":true,"href":"https:\/\/werbegemeinschaft-schnaittach.de\/index.php?rest_route=%2Fwp%2Fv2%2Fcategories&post=385"},{"taxonomy":"post_tag","embeddable":true,"href":"https:\/\/werbegemeinschaft-schnaittach.de\/index.php?rest_route=%2Fwp%2Fv2%2Ftags&post=385"}],"curies":[{"name":"wp","href":"https:\/\/api.w.org\/{rel}","templated":true}]}}