{"id":544,"date":"2020-08-04T06:08:53","date_gmt":"2020-08-04T06:08:53","guid":{"rendered":"http:\/\/werbegemeinschaft-schnaittach.de\/?p=544"},"modified":"2020-08-04T06:08:55","modified_gmt":"2020-08-04T06:08:55","slug":"aktuelle-information-der-werbegemeinschaft-schnaittach-e-v","status":"publish","type":"post","link":"https:\/\/werbegemeinschaft-schnaittach.de\/?p=544","title":{"rendered":"Aktuelle Information der Werbegemeinschaft Schnaittach e.V."},"content":{"rendered":"\n<p>Liebe Mitglieder, Liebe Aussteller*innen,<\/p>\n\n\n\n<p>aktuell ist noch bis 31.10.2020 keine Gro\u00dfveranstaltung wie beispielsweise unser Herbstmarkt in Schnaittach m\u00f6glich.<\/p>\n\n\n\n<p>Der Vorstand wird noch zeitnah das weitere Vorgehen diskutieren und Sie dann &#8211; sp\u00e4testens bei Nachholung der im Fr\u00fchjahr ausgefallenen Mitgliederversammlung &#8211; informieren. <\/p>\n\n\n\n<p>Der Nachholtermin f\u00fcr die Mitgliederversammlung steht noch nicht fest und wird noch mitgeteilt.<\/p>\n\n\n\n<p>G\u00fcnter Heimpel<br>&#8211; Kassier &#8211;<\/p>\n\n\n\n<p><\/p>\n","protected":false},"excerpt":{"rendered":"<p>Liebe Mitglieder, Liebe Aussteller*innen, aktuell ist noch bis 31.10.2020 keine Gro\u00dfveranstaltung wie beispielsweise unser Herbstmarkt in Schnaittach m\u00f6glich. Der Vorstand wird noch zeitnah das weitere Vorgehen diskutieren und Sie dann &#8211; sp\u00e4testens bei Nachholung der im Fr\u00fchjahr ausgefallenen Mitgliederversammlung &#8211; &hellip; <a href=\"https:\/\/werbegemeinschaft-schnaittach.de\/?p=544\">Weiterlesen <span class=\"meta-nav\">&rarr;<\/span><\/a><\/p>\n","protected":false},"author":1,"featured_media":0,"comment_status":"open","ping_status":"open","sticky":true,"template":"","format":"standard","meta":{"ngg_post_thumbnail":0},"categories":[3,1],"tags":[],"_links":{"self":[{"href":"https:\/\/werbegemeinschaft-schnaittach.de\/index.php?rest_route=\/wp\/v2\/posts\/544"}],"collection":[{"href":"https:\/\/werbegemeinschaft-schnaittach.de\/index.php?rest_route=\/wp\/v2\/posts"}],"about":[{"href":"https:\/\/werbegemeinschaft-schnaittach.de\/index.php?rest_route=\/wp\/v2\/types\/post"}],"author":[{"embeddable":true,"href":"https:\/\/werbegemeinschaft-schnaittach.de\/index.php?rest_route=\/wp\/v2\/users\/1"}],"replies":[{"embeddable":true,"href":"https:\/\/werbegemeinschaft-schnaittach.de\/index.php?rest_route=%2Fwp%2Fv2%2Fcomments&post=544"}],"version-history":[{"count":1,"href":"https:\/\/werbegemeinschaft-schnaittach.de\/index.php?rest_route=\/wp\/v2\/posts\/544\/revisions"}],"predecessor-version":[{"id":545,"href":"https:\/\/werbegemeinschaft-schnaittach.de\/index.php?rest_route=\/wp\/v2\/posts\/544\/revisions\/545"}],"wp:attachment":[{"href":"https:\/\/werbegemeinschaft-schnaittach.de\/index.php?rest_route=%2Fwp%2Fv2%2Fmedia&parent=544"}],"wp:term":[{"taxonomy":"category","embeddable":true,"href":"https:\/\/werbegemeinschaft-schnaittach.de\/index.php?rest_route=%2Fwp%2Fv2%2Fcategories&post=544"},{"taxonomy":"post_tag","embeddable":true,"href":"https:\/\/werbegemeinschaft-schnaittach.de\/index.php?rest_route=%2Fwp%2Fv2%2Ftags&post=544"}],"curies":[{"name":"wp","href":"https:\/\/api.w.org\/{rel}","templated":true}]}}